{"id":2547,"date":"2025-09-30T09:15:41","date_gmt":"2025-09-30T07:15:41","guid":{"rendered":"https:\/\/www.amasarredamenti.it\/?p=2547"},"modified":"2025-09-30T09:17:34","modified_gmt":"2025-09-30T07:17:34","slug":"madia-o-credenza","status":"publish","type":"post","link":"https:\/\/www.amasarredamenti.it\/en\/2025\/09\/30\/madia-o-credenza\/","title":{"rendered":"Consigli di arredamento: meglio una madia o una credenza?"},"content":{"rendered":"<p>Tra i complementi d\u2019arredo che stanno tornando protagonisti nelle case moderne, due mobili della tradizione contadina hanno ritrovato nuova vita: <strong>la madia<\/strong> e <strong>la credenza<\/strong>. Entrambi si prestano ad arredare soggiorni, cucine e open space, ma con caratteristiche e funzioni diverse.<\/p>\n\n\n\n<h2 class=\"wp-block-heading\">Madia: un classico rivisitato in chiave moderna<\/h2>\n\n\n\n<p>La <strong>madia<\/strong> \u00e8 uno dei mobili pi\u00f9 affascinanti della tradizione italiana. Un tempo di forma rettangolare, custodiva il pane e manteneva gli alimenti freschi per giorni.<\/p>\n\n\n\n<p>Oggi, la madia ha assunto un design pi\u00f9 contemporaneo, mantenendo per\u00f2 la sua funzione di capiente contenitore. Grazie alle sue linee compatte e lineari, \u00e8 perfetta non solo in cucina, ma anche in soggiorno, all\u2019ingresso o in un open space moderno. Pu\u00f2 essere utilizzata per riporre libri, accessori per la tavola o oggetti di uso quotidiano, diventando un vero e proprio elemento di design.<\/p>\n\n\n\n<h2 class=\"wp-block-heading\">Credenza: tradizione e funzionalit\u00e0 in sala da pranzo<\/h2>\n\n\n\n<p>La <strong>credenza<\/strong>, invece, ha una struttura pi\u00f9 alta e imponente, storicamente utilizzata per riporre stoviglie, bicchieri e biancheria da tavola. Collocata di solito nelle cucine o nelle sale da pranzo, oggi \u00e8 apprezzata anche come elemento d\u2019arredo elegante e funzionale.<\/p>\n\n\n\n<p>Le credenze moderne possono includere vetrinette, ideali per esporre servizi di piatti, calici o oggetti decorativi. Per chi ama un arredamento classico o rustico, la credenza resta la scelta ideale: pratica, capiente e sempre attuale.<\/p>\n\n\n\n<h2 class=\"wp-block-heading\">Madia o credenza: come scegliere?<\/h2>\n\n\n\n<p>La scelta tra madia e credenza dipende da <strong>due fattori principali<\/strong>:<\/p>\n\n\n\n<ul class=\"wp-block-list\">\n<li><strong>Lo spazio disponibile<\/strong>: la madia \u00e8 pi\u00f9 compatta e versatile, ideale in ambienti moderni e spazi ridotti; la credenza richiede invece pi\u00f9 spazio e valorizza ambienti classici come la sala da pranzo.<\/li>\n\n\n\n<li><strong>La funzione d\u2019uso<\/strong>: se cerchi un mobile contenitore multiuso, la madia \u00e8 perfetta. Se invece hai bisogno di un arredo per stoviglie e biancheria da tavola, la credenza resta imbattibile.<\/li>\n<\/ul>\n\n\n\n<p>Se sei indeciso\/a tra madia e credenza, ti invitiamo a visitare il nostro <strong>showroom a Bucine.<\/strong><br>Troverai una selezione di mobili sia moderni, che restaurati, pronti a valorizzare la tua casa. Il nostro team ti aiuter\u00e0 a scegliere il mobile pi\u00f9 adatto al tuo stile e alle tue esigenze.<\/p>","protected":false},"excerpt":{"rendered":"<p>Arredare la casa non significa solo scegliere mobili funzionali, ma anche creare spazi che rispecchino la personalit\u00e0 di chi li vive. Ogni ambiente deve essere accogliente, armonioso e pratico, capace di unire estetica e utilit\u00e0.<\/p>","protected":false},"author":2,"featured_media":2548,"comment_status":"open","ping_status":"open","sticky":false,"template":"","format":"standard","meta":{"_monsterinsights_skip_tracking":false,"_monsterinsights_sitenote_active":false,"_monsterinsights_sitenote_note":"","_monsterinsights_sitenote_category":0,"footnotes":""},"categories":[1],"tags":[84,83,82],"class_list":["post-2547","post","type-post","status-publish","format-standard","has-post-thumbnail","hentry","category-blog","tag-consigli-di-arredo","tag-credenza","tag-madia"],"aioseo_notices":[],"_links":{"self":[{"href":"https:\/\/www.amasarredamenti.it\/en\/wp-json\/wp\/v2\/posts\/2547","targetHints":{"allow":["GET"]}}],"collection":[{"href":"https:\/\/www.amasarredamenti.it\/en\/wp-json\/wp\/v2\/posts"}],"about":[{"href":"https:\/\/www.amasarredamenti.it\/en\/wp-json\/wp\/v2\/types\/post"}],"author":[{"embeddable":true,"href":"https:\/\/www.amasarredamenti.it\/en\/wp-json\/wp\/v2\/users\/2"}],"replies":[{"embeddable":true,"href":"https:\/\/www.amasarredamenti.it\/en\/wp-json\/wp\/v2\/comments?post=2547"}],"version-history":[{"count":3,"href":"https:\/\/www.amasarredamenti.it\/en\/wp-json\/wp\/v2\/posts\/2547\/revisions"}],"predecessor-version":[{"id":2552,"href":"https:\/\/www.amasarredamenti.it\/en\/wp-json\/wp\/v2\/posts\/2547\/revisions\/2552"}],"wp:featuredmedia":[{"embeddable":true,"href":"https:\/\/www.amasarredamenti.it\/en\/wp-json\/wp\/v2\/media\/2548"}],"wp:attachment":[{"href":"https:\/\/www.amasarredamenti.it\/en\/wp-json\/wp\/v2\/media?parent=2547"}],"wp:term":[{"taxonomy":"category","embeddable":true,"href":"https:\/\/www.amasarredamenti.it\/en\/wp-json\/wp\/v2\/categories?post=2547"},{"taxonomy":"post_tag","embeddable":true,"href":"https:\/\/www.amasarredamenti.it\/en\/wp-json\/wp\/v2\/tags?post=2547"}],"curies":[{"name":"wp","href":"https:\/\/api.w.org\/{rel}","templated":true}]}}