{"id":2554,"date":"2025-10-27T11:49:03","date_gmt":"2025-10-27T10:49:03","guid":{"rendered":"https:\/\/www.amasarredamenti.it\/?p=2554"},"modified":"2025-10-27T11:49:04","modified_gmt":"2025-10-27T10:49:04","slug":"arredamento-su-misura-bucine","status":"publish","type":"post","link":"https:\/\/www.amasarredamenti.it\/en\/2025\/10\/27\/arredamento-su-misura-bucine\/","title":{"rendered":"Arredamento su misura e soluzioni salvaspazio"},"content":{"rendered":"<p>Che tu viva in un piccolo appartamento o in una casa spaziosa, trovare il mobile perfetto non \u00e8 mai semplice. Le misure standard spesso non si adattano agli spazi reali delle abitazioni moderne. \u00c8 qui che entra in gioco <strong>l\u2019arredamento su misura<\/strong>, la soluzione ideale per chi desidera un ambiente funzionale, armonioso e davvero personalizzato.<\/p>\n\n\n\n<p>Ma quanto costa un mobile su misura? \u00c8 davvero cos\u00ec costoso come si pensa? Scopriamolo insieme.<\/p>\n\n\n\n<h3 class=\"wp-block-heading\">Gli spazi cambiano, l\u2019arredamento si adatta<\/h3>\n\n\n\n<p>Negli ultimi anni le abitazioni sono cambiate: gli appartamenti di nuova costruzione tendono ad avere stanze pi\u00f9 piccole, mentre le case di una volta offrivano spazi pi\u00f9 ampi.<br>Adattare un mobile a composizione fissa in questi contesti pu\u00f2 diventare complicato: o non entra perfettamente, o lascia spazi vuoti che rovinano l\u2019estetica e la funzionalit\u00e0 della stanza.<\/p>\n\n\n\n<p>Hai trovato un mobile che ti piace ma non si adatta alle misure della tua casa? Nessun problema!<br>Con <strong>piccole modifiche su misura<\/strong>, \u00e8 possibile adattare una cucina, un armadio o una libreria alle dimensioni del tuo ambiente. I nostri falegnami esperti sanno come trasformare ogni idea in una soluzione concreta, anche con semplici adattamenti mirati.<\/p>\n\n\n\n<h3 class=\"wp-block-heading\">Perch\u00e9 scegliere un mobile su misura?<\/h3>\n\n\n\n<p>Un <strong><a href=\"https:\/\/www.amasarredamenti.it\/en\/progetti\/\" target=\"_blank\" rel=\"noopener\" title=\"\">mobile su misura<\/a><\/strong> non \u00e8 solo una questione di estetica, ma di <strong>funzionalit\u00e0 e valorizzazione dello spazio<\/strong>.<br>A differenza dei mobili prefabbricati, un arredo su misura ti permette di sfruttare ogni centimetro disponibile, creando un ambiente armonico e coerente con lo stile della tua casa.<\/p>\n\n\n\n<p>Inoltre, con un progetto su misura puoi:<\/p>\n\n\n\n<ul class=\"wp-block-list\">\n<li>scegliere <strong>dimensioni, materiali e finiture<\/strong> in base ai tuoi gusti;<\/li>\n\n\n\n<li>creare <strong>soluzioni salvaspazio intelligenti<\/strong>, ideali per ambienti piccoli;<\/li>\n\n\n\n<li>progettare mobili <strong>di altezze e forme personalizzate<\/strong>, perfettamente integrati con pareti o nicchie;<\/li>\n\n\n\n<li>ottenere un risultato <strong>unico e duraturo nel tempo<\/strong>.<\/li>\n<\/ul>\n\n\n\n<h3 class=\"wp-block-heading\">Quanto costa un mobile su misura?<\/h3>\n\n\n\n<p>Il costo di un mobile su misura varia in base a diversi fattori: <strong>dimensioni, materiali, dettagli e complessit\u00e0 del progetto<\/strong>.<br>Un mobile realizzato su misura pu\u00f2 offrire vantaggi duraturi: maggiore qualit\u00e0, adattabilit\u00e0 e possibilit\u00e0 di modifiche future.<\/p>\n\n\n\n<p>Scegliere un mobile artigianale significa investire in un prodotto pensato per le <strong>tue esigenze<\/strong>, con un valore che resiste nel tempo.<\/p>\n\n\n\n<h3 class=\"wp-block-heading\">Mobili su misura a Bucine: dal progetto alla realizzazione<\/h3>\n\n\n\n<p>Se stai cercando <strong>mobili su misura a Bucine<\/strong> o nei dintorni, il nostro team \u00e8 pronto ad accompagnarti in ogni fase:<\/p>\n\n\n\n<ul class=\"wp-block-list\">\n<li><strong>progettazione personalizzata<\/strong> in base alle misure e al budget;<\/li>\n\n\n\n<li><strong>scelta dei materiali e delle finiture<\/strong>;<\/li>\n\n\n\n<li><strong>realizzazione artigianale<\/strong> con attenzione ai dettagli;<\/li>\n\n\n\n<li><strong>montaggio professionale<\/strong> direttamente a casa tua.<\/li>\n<\/ul>\n\n\n\n<p>Con la nostra esperienza e la passione per il legno, trasformiamo ogni spazio in un ambiente unico, funzionale e accogliente.<\/p>\n\n\n\n<p>L\u2019arredamento su misura non \u00e8 un lusso, ma una scelta intelligente per chi desidera <strong>comfort, qualit\u00e0 e personalizzazione<\/strong>.<br>Che tu voglia ottimizzare spazi piccoli o valorizzare ambienti ampi, le soluzioni su misura sono il modo migliore per rendere la tua casa davvero tua.<\/p>","protected":false},"excerpt":{"rendered":"<p>Che tu viva in un piccolo appartamento o in una casa spaziosa, trovare il mobile perfetto non \u00e8 mai semplice. Le misure standard spesso non si adattano agli spazi reali delle abitazioni moderne. \u00c8 qui che entra in gioco l\u2019arredamento su misura, la soluzione ideale per chi desidera un ambiente funzionale, armonioso e davvero personalizzato. [&hellip;]<\/p>\n","protected":false},"author":2,"featured_media":2555,"comment_status":"open","ping_status":"open","sticky":false,"template":"","format":"standard","meta":{"_monsterinsights_skip_tracking":false,"_monsterinsights_sitenote_active":false,"_monsterinsights_sitenote_note":"","_monsterinsights_sitenote_category":0,"footnotes":""},"categories":[1],"tags":[],"class_list":["post-2554","post","type-post","status-publish","format-standard","has-post-thumbnail","hentry","category-blog"],"aioseo_notices":[],"_links":{"self":[{"href":"https:\/\/www.amasarredamenti.it\/en\/wp-json\/wp\/v2\/posts\/2554","targetHints":{"allow":["GET"]}}],"collection":[{"href":"https:\/\/www.amasarredamenti.it\/en\/wp-json\/wp\/v2\/posts"}],"about":[{"href":"https:\/\/www.amasarredamenti.it\/en\/wp-json\/wp\/v2\/types\/post"}],"author":[{"embeddable":true,"href":"https:\/\/www.amasarredamenti.it\/en\/wp-json\/wp\/v2\/users\/2"}],"replies":[{"embeddable":true,"href":"https:\/\/www.amasarredamenti.it\/en\/wp-json\/wp\/v2\/comments?post=2554"}],"version-history":[{"count":1,"href":"https:\/\/www.amasarredamenti.it\/en\/wp-json\/wp\/v2\/posts\/2554\/revisions"}],"predecessor-version":[{"id":2556,"href":"https:\/\/www.amasarredamenti.it\/en\/wp-json\/wp\/v2\/posts\/2554\/revisions\/2556"}],"wp:featuredmedia":[{"embeddable":true,"href":"https:\/\/www.amasarredamenti.it\/en\/wp-json\/wp\/v2\/media\/2555"}],"wp:attachment":[{"href":"https:\/\/www.amasarredamenti.it\/en\/wp-json\/wp\/v2\/media?parent=2554"}],"wp:term":[{"taxonomy":"category","embeddable":true,"href":"https:\/\/www.amasarredamenti.it\/en\/wp-json\/wp\/v2\/categories?post=2554"},{"taxonomy":"post_tag","embeddable":true,"href":"https:\/\/www.amasarredamenti.it\/en\/wp-json\/wp\/v2\/tags?post=2554"}],"curies":[{"name":"wp","href":"https:\/\/api.w.org\/{rel}","templated":true}]}}