{"id":2563,"date":"2025-12-01T18:04:55","date_gmt":"2025-12-01T17:04:55","guid":{"rendered":"https:\/\/www.amasarredamenti.it\/?p=2563"},"modified":"2025-12-01T18:05:42","modified_gmt":"2025-12-01T17:05:42","slug":"idee-regalo-arredamento","status":"publish","type":"post","link":"https:\/\/www.amasarredamenti.it\/en\/2025\/12\/01\/idee-regalo-arredamento\/","title":{"rendered":"Dicembre: per Natale regala un voucher arredamento Amas"},"content":{"rendered":"<p>Dicembre \u00e8 il mese dei regali, delle festivit\u00e0 e della corsa all\u2019idea perfetta. Spesso, per\u00f2, rischiamo di scegliere qualcosa di banale o poco utile. Quest\u2019anno vogliamo aiutarti con due proposte originali e davvero apprezzate, pensate per rendere unico questo periodo magico.<\/p>\n\n\n\n<h2 class=\"wp-block-heading\">Regala un voucher arredamento Amas<\/h2>\n\n\n\n<p>Hai mai pensato di regalare un complemento d\u2019arredo? \u00c8 un dono utile, duraturo e sempre apprezzato. Allo stesso tempo, per\u00f2, l\u2019arredamento \u00e8 molto personale e scegliere al posto di qualcun altro potrebbe essere rischioso.<br>Ecco perch\u00e9 abbiamo ideato i <strong>voucher arredamento Amas<\/strong>: tu scegli l\u2019importo e la persona che lo ricever\u00e0 potr\u00e0 scegliere in totale libert\u00e0 come utilizzarlo.<\/p>\n\n\n\n<p><strong>Come acquistare i voucher arredamento?<\/strong><br>Passa in negozio o contattaci: ti daremo tutte le informazioni e potrai personalizzare il tuo buono regalo.<\/p>\n\n\n\n<h2 class=\"wp-block-heading\">Offerte di dicembre: ricevi un voucher sconto in regalo<\/h2>\n\n\n\n<p>Dicembre \u00e8 anche il momento perfetto per rinnovare casa o acquistare i mobili della tua nuova abitazione.<br>Se acquisti <strong>almeno un complemento d\u2019arredo entro il 31\/12\/2025<\/strong>, con una <strong>spesa minima di 1.000\u20ac<\/strong>, riceverai <strong>un voucher omaggio<\/strong> (a partire da 100\u20ac).<\/p>\n\n\n\n<p>Potrai utilizzare il voucher per acquistare un altro complemento d\u2019arredo <strong>entro il 30\/06\/2026<\/strong>.<br>Oppure, se preferisci, potrai regalarlo a chi vuoi tu.<\/p>\n\n\n\n<h2 class=\"wp-block-heading\">Come and visit us<\/h2>\n\n\n\n<p>Ti aspettiamo in negozio per scoprire tutte le nostre offerte di dicembre e i nuovi voucher arredamento. Un\u2019occasione perfetta per fare (o farti) un regalo davvero speciale!<\/p>","protected":false},"excerpt":{"rendered":"<p>Dicembre \u00e8 il mese dei regali, delle festivit\u00e0 e della corsa all\u2019idea perfetta. Spesso, per\u00f2, rischiamo di scegliere qualcosa di banale o poco utile. Quest\u2019anno vogliamo aiutarti con due proposte originali e davvero apprezzate, pensate per rendere unico questo periodo magico. Regala un voucher arredamento Amas Hai mai pensato di regalare un complemento d\u2019arredo? \u00c8 [&hellip;]<\/p>\n","protected":false},"author":2,"featured_media":2564,"comment_status":"open","ping_status":"open","sticky":false,"template":"","format":"standard","meta":{"_monsterinsights_skip_tracking":false,"_monsterinsights_sitenote_active":false,"_monsterinsights_sitenote_note":"","_monsterinsights_sitenote_category":0,"footnotes":""},"categories":[1],"tags":[85,86],"class_list":["post-2563","post","type-post","status-publish","format-standard","has-post-thumbnail","hentry","category-blog","tag-natale-2025","tag-voucher-sconto"],"aioseo_notices":[],"_links":{"self":[{"href":"https:\/\/www.amasarredamenti.it\/en\/wp-json\/wp\/v2\/posts\/2563","targetHints":{"allow":["GET"]}}],"collection":[{"href":"https:\/\/www.amasarredamenti.it\/en\/wp-json\/wp\/v2\/posts"}],"about":[{"href":"https:\/\/www.amasarredamenti.it\/en\/wp-json\/wp\/v2\/types\/post"}],"author":[{"embeddable":true,"href":"https:\/\/www.amasarredamenti.it\/en\/wp-json\/wp\/v2\/users\/2"}],"replies":[{"embeddable":true,"href":"https:\/\/www.amasarredamenti.it\/en\/wp-json\/wp\/v2\/comments?post=2563"}],"version-history":[{"count":1,"href":"https:\/\/www.amasarredamenti.it\/en\/wp-json\/wp\/v2\/posts\/2563\/revisions"}],"predecessor-version":[{"id":2565,"href":"https:\/\/www.amasarredamenti.it\/en\/wp-json\/wp\/v2\/posts\/2563\/revisions\/2565"}],"wp:featuredmedia":[{"embeddable":true,"href":"https:\/\/www.amasarredamenti.it\/en\/wp-json\/wp\/v2\/media\/2564"}],"wp:attachment":[{"href":"https:\/\/www.amasarredamenti.it\/en\/wp-json\/wp\/v2\/media?parent=2563"}],"wp:term":[{"taxonomy":"category","embeddable":true,"href":"https:\/\/www.amasarredamenti.it\/en\/wp-json\/wp\/v2\/categories?post=2563"},{"taxonomy":"post_tag","embeddable":true,"href":"https:\/\/www.amasarredamenti.it\/en\/wp-json\/wp\/v2\/tags?post=2563"}],"curies":[{"name":"wp","href":"https:\/\/api.w.org\/{rel}","templated":true}]}}