{"id":2583,"date":"2026-04-27T15:09:29","date_gmt":"2026-04-27T13:09:29","guid":{"rendered":"https:\/\/www.amasarredamenti.it\/?p=2583"},"modified":"2026-04-27T15:09:31","modified_gmt":"2026-04-27T13:09:31","slug":"cabina-armadio-o-armadio-classico-come-scegliere-la-soluzione-giusta-per-la-tua-camera-da-letto","status":"publish","type":"post","link":"https:\/\/www.amasarredamenti.it\/en\/2026\/04\/27\/cabina-armadio-o-armadio-classico-come-scegliere-la-soluzione-giusta-per-la-tua-camera-da-letto\/","title":{"rendered":"Cabina armadio o armadio classico? Come scegliere la soluzione giusta per la tua camera da letto"},"content":{"rendered":"<p>Quando si arreda la <a href=\"https:\/\/www.amasarredamenti.it\/en\/camere-e-camerette\/\" target=\"_blank\" rel=\"noopener\" title=\"\">camera da letto<\/a>, dopo aver scelto lo stile, i materiali e il materasso (elemento fondamentale per il benessere quotidiano) arriva uno dei momenti pi\u00f9 importanti: la scelta dell\u2019armadio.<\/p>\n\n\n\n<p>\u201c<em>Meglio un armadio classico oppure una cabina armadio su misura?\u201d<\/em><br>\u00c8 una domanda molto comune, perch\u00e9 non si tratta solo di estetica, ma di funzionalit\u00e0, spazio e abitudini di vita. La scelta giusta nasce sempre dall\u2019equilibrio tra questi elementi.<\/p>\n\n\n\n<h2 class=\"wp-block-heading\"><br>La scelta parte sempre dallo spazio disponibile<\/h2>\n\n\n\n<p>Il primo aspetto da considerare \u00e8 la dimensione della stanza. Una cabina armadio richiede generalmente pi\u00f9 spazio rispetto a un armadio tradizionale, ma questo non significa che sia una soluzione riservata solo alle camere molto grandi.<\/p>\n\n\n\n<p>Oggi esistono cabine armadio su misura progettate per adattarsi anche ad ambienti pi\u00f9 contenuti, sfruttando nicchie, pareti attrezzate o angoli spesso inutilizzati. Con una progettazione attenta \u00e8 possibile trasformare anche spazi apparentemente difficili in soluzioni funzionali e ben organizzate.<\/p>\n\n\n\n<p>Per questo motivo la consulenza progettuale diventa fondamentale: ogni casa ha caratteristiche diverse e pu\u00f2 offrire opportunit\u00e0 che non sono immediatamente evidenti.<\/p>\n\n\n\n<h2 class=\"wp-block-heading\">Anche il budget ha il suo peso<\/h2>\n\n\n\n<p>Sia l\u2019armadio classico sia la cabina armadio possono essere realizzati in versioni pi\u00f9 essenziali oppure completamente personalizzate. Il costo dipende da diversi fattori, come dimensioni, materiali, accessori interni, illuminazione e livello di personalizzazione.<\/p>\n\n\n\n<p>Spesso non esiste una scelta \u201cpi\u00f9 economica in assoluto\u201d, ma una soluzione pi\u00f9 adatta alle esigenze della persona e dello spazio in cui verr\u00e0 inserita.<\/p>\n\n\n\n<h2 class=\"wp-block-heading\">Com&#8217;\u00e8 il tuo stile di vita?<\/h2>\n\n\n\n<p>Un elemento spesso sottovalutato \u00e8 il modo in cui si vive la propria camera da letto ogni giorno.<\/p>\n\n\n\n<p>Chi ama organizzare con cura il guardaroba, scegliere gli abbinamenti con tranquillit\u00e0 e avere tutto visibile e facilmente accessibile tende ad apprezzare molto la cabina armadio. Non \u00e8 solo una soluzione contenitiva, ma uno spazio dedicato alla gestione dei propri abiti e accessori.<\/p>\n\n\n\n<p>Chi invece preferisce una soluzione pi\u00f9 compatta, ordinata e immediata trova nell\u2019armadio tradizionale una risposta perfettamente funzionale, capace di coniugare praticit\u00e0 ed eleganza senza richiedere grandi superfici.<\/p>\n\n\n\n<h2 class=\"wp-block-heading\">Perch\u00e9 scegliere un armadio classico<\/h2>\n\n\n\n<p>L\u2019armadio tradizionale rimane una delle soluzioni pi\u00f9 versatili per arredare la camera da letto. Pu\u00f2 essere progettato su misura, adattarsi perfettamente alle dimensioni della stanza e offrire una grande capacit\u00e0 contenitiva anche in spazi ridotti.<\/p>\n\n\n\n<p>La possibilit\u00e0 di scegliere tra ante battenti o scorrevoli permette inoltre di ottimizzare ulteriormente l\u2019ambiente, migliorando la fruibilit\u00e0 della stanza senza rinunciare all\u2019estetica. Un armadio ben progettato non \u00e8 solo un elemento funzionale, ma diventa parte integrante dello stile della camera.<\/p>\n\n\n\n<h2 class=\"wp-block-heading\">Perch\u00e9 scegliere una cabina armadio<\/h2>\n\n\n\n<p>La cabina armadio rappresenta una soluzione sempre pi\u00f9 richiesta, perch\u00e9 consente di organizzare lo spazio in modo pi\u00f9 libero e personale. \u00c8 ideale per chi desidera avere una visione completa del proprio guardaroba e vivere la zona notte con maggiore comfort e ordine.<\/p>\n\n\n\n<p>Quando lo spazio lo consente, oppure quando esiste una stanza da dedicare a questa funzione, la cabina armadio diventa un vero valore aggiunto per la casa. Progettata su misura, permette di organizzare ogni elemento secondo le proprie abitudini quotidiane, trasformando la gestione degli abiti in un gesto semplice e naturale.<\/p>\n\n\n\n<h2 class=\"wp-block-heading\">Armadio o cabina armadio su misura: quale scegliere?<\/h2>\n\n\n\n<p>Non esiste una risposta valida per tutti. La soluzione migliore \u00e8 sempre quella progettata partendo dalle esigenze reali della persona e dalle caratteristiche della casa.<\/p>\n\n\n\n<p>Per questo motivo, nel nostro showroom a Bucine, in provincia di Arezzo, accompagniamo ogni cliente in un percorso di progettazione personalizzata, studiando insieme spazi, materiali e finiture per realizzare armadi e cabine armadio su misura funzionali, eleganti e pensati per durare nel tempo.<\/p>\n\n\n\n<p>Se stai progettando la tua nuova camera da letto e sei indeciso tra armadio classico e cabina armadio, passa a trovarci in negozio oppure prenota una consulenza: ti aiuteremo a trovare la soluzione pi\u00f9 adatta al tuo spazio e al tuo modo di vivere la casa.<\/p>\n\n\n\n<p><\/p>","protected":false},"excerpt":{"rendered":"<p>Quando si arreda la camera da letto, dopo aver scelto lo stile, i materiali e il materasso (elemento fondamentale per il benessere quotidiano) arriva uno dei momenti pi\u00f9 importanti: la scelta dell\u2019armadio. \u201cMeglio un armadio classico oppure una cabina armadio su misura?\u201d\u00c8 una domanda molto comune, perch\u00e9 non si tratta solo di estetica, ma di [&hellip;]<\/p>\n","protected":false},"author":2,"featured_media":2584,"comment_status":"open","ping_status":"open","sticky":false,"template":"","format":"standard","meta":{"_monsterinsights_skip_tracking":false,"_monsterinsights_sitenote_active":false,"_monsterinsights_sitenote_note":"","_monsterinsights_sitenote_category":0,"footnotes":""},"categories":[1],"tags":[],"class_list":["post-2583","post","type-post","status-publish","format-standard","has-post-thumbnail","hentry","category-blog"],"aioseo_notices":[],"_links":{"self":[{"href":"https:\/\/www.amasarredamenti.it\/en\/wp-json\/wp\/v2\/posts\/2583","targetHints":{"allow":["GET"]}}],"collection":[{"href":"https:\/\/www.amasarredamenti.it\/en\/wp-json\/wp\/v2\/posts"}],"about":[{"href":"https:\/\/www.amasarredamenti.it\/en\/wp-json\/wp\/v2\/types\/post"}],"author":[{"embeddable":true,"href":"https:\/\/www.amasarredamenti.it\/en\/wp-json\/wp\/v2\/users\/2"}],"replies":[{"embeddable":true,"href":"https:\/\/www.amasarredamenti.it\/en\/wp-json\/wp\/v2\/comments?post=2583"}],"version-history":[{"count":1,"href":"https:\/\/www.amasarredamenti.it\/en\/wp-json\/wp\/v2\/posts\/2583\/revisions"}],"predecessor-version":[{"id":2585,"href":"https:\/\/www.amasarredamenti.it\/en\/wp-json\/wp\/v2\/posts\/2583\/revisions\/2585"}],"wp:featuredmedia":[{"embeddable":true,"href":"https:\/\/www.amasarredamenti.it\/en\/wp-json\/wp\/v2\/media\/2584"}],"wp:attachment":[{"href":"https:\/\/www.amasarredamenti.it\/en\/wp-json\/wp\/v2\/media?parent=2583"}],"wp:term":[{"taxonomy":"category","embeddable":true,"href":"https:\/\/www.amasarredamenti.it\/en\/wp-json\/wp\/v2\/categories?post=2583"},{"taxonomy":"post_tag","embeddable":true,"href":"https:\/\/www.amasarredamenti.it\/en\/wp-json\/wp\/v2\/tags?post=2583"}],"curies":[{"name":"wp","href":"https:\/\/api.w.org\/{rel}","templated":true}]}}