{"id":2603,"date":"2026-08-26T11:39:39","date_gmt":"2026-08-26T09:39:39","guid":{"rendered":"https:\/\/www.amasarredamenti.it\/?p=2603"},"modified":"2026-08-20T11:42:52","modified_gmt":"2026-08-20T09:42:52","slug":"quando-il-design-diventa-sensoriale-arredare-con-tutti-i-sensi","status":"publish","type":"post","link":"https:\/\/www.amasarredamenti.it\/en\/2026\/08\/26\/quando-il-design-diventa-sensoriale-arredare-con-tutti-i-sensi\/","title":{"rendered":"Quando il design diventa sensoriale: arredare&#8230;con tutti i sensi"},"content":{"rendered":"<p class=\"wp-block-paragraph\">C&#8217;\u00e8 un cambiamento in corso nell&#8217;interior design, e non riguarda solo i colori di tendenza o i nuovi modelli di cucina. Riguarda qualcosa di pi\u00f9 profondo: il modo in cui viviamo gli spazi, il modo in cui li sentiamo.<\/p>\n\n\n\n<p class=\"wp-block-paragraph\">L&#8217;arredamento ha smesso di essere solo estetica o funzionalit\u00e0. Oggi chi progetta una casa, o la ripensa, cerca anche un&#8217;esperienza: materiali che trasmettono qualcosa al tatto, superfici che cambiano la percezione della luce, tessuti che regolano il suono e il comfort di uno spazio. Una casa che si vive davvero, non solo si abita.<\/p>\n\n\n\n<h3 class=\"wp-block-heading\">I materiali parlano&#8230;anche senza parole<\/h3>\n\n\n\n<p class=\"wp-block-paragraph\">Ogni materiale porta con s\u00e9 un&#8217;emozione, spesso prima ancora che ce ne rendiamo conto. Per questo la loro scelta \u00e8 sempre pi\u00f9 importante e non \u00e8 uguale per tutti.<\/p>\n\n\n\n<p class=\"wp-block-paragraph\"><strong>Il legno<\/strong> \u00e8 forse il pi\u00f9 immediato in questo senso. Ha una temperatura al tatto che nessun altro materiale riesce a replicare \u2014 non freddo come la pietra, non rigido come il metallo. Le sue venature, mai identiche, creano una complessit\u00e0 visiva che gli occhi leggono come qualcosa di familiare, naturale, rassicurante. Non a caso, gli ambienti con molto legno tendono a sentirsi pi\u00f9 caldi anche a parit\u00e0 di temperatura reale. Il legno ha la capacit\u00e0 di unire la natura esterna all&#8217;interno.<\/p>\n\n\n\n<p class=\"wp-block-paragraph\"><strong>Il metallo<\/strong> racconta una storia diversa: precisione, pulizia, ordine. Una cappa in acciaio spazzolato, una maniglia in ottone, un profilo sottile a contrasto, il metallo usato con misura aggiunge rigore senza freddezza. Usato in eccesso, pu\u00f2 risultare distante e freddo, ma come dettaglio, \u00e8 spesso quello che d\u00e0 carattere a una composizione.<\/p>\n\n\n\n<p class=\"wp-block-paragraph\"><strong>La pietra<\/strong> comunica solidit\u00e0 e permanenza. Un top in marmo, un piano effetto cemento, un rivestimento in quarzo: sono materiali che sembrano dire <em>&#8220;qui si resta&#8221;<\/em>. Il loro peso visivo, la densit\u00e0, genera una sensazione di stabilit\u00e0 che certi ambienti cercano proprio. A primo impatto pu\u00f2 sembrare freddo, in effetti al tatto lo \u00e8, ma le venature e le sfumature dei colori sanno dare il giusto calore.<\/p>\n\n\n\n<p class=\"wp-block-paragraph\"><strong>I tessuti<\/strong> agiscono su due livelli contemporaneamente: il tatto e l&#8217;acustica. Un divano in tessuto robusto, un tappeto morbido, delle tende in lino leggero, ognuno di questi elementi assorbe il suono e rende lo spazio pi\u00f9 silenzioso, senza che ce ne accorgiamo esplicitamente. Il risultato \u00e8 una stanza che <em>si sente<\/em> pi\u00f9 accogliente, un&#8217;atmosfera rilassata o vivace, non solo bella.<\/p>\n\n\n\n<h3 class=\"wp-block-heading\">Ogni stanza, un&#8217;esperienza diversa<\/h3>\n\n\n\n<p class=\"wp-block-paragraph\">La scelta sensoriale cambia in base all&#8217;ambiente e a come lo usi.<\/p>\n\n\n\n<p class=\"wp-block-paragraph\">In un <strong>living<\/strong>, il comfort fisico deve durare ore e deve adattarsi a tutti i componenti della famiglia e agli ospiti: un tessuto resistente, facile da pulire, piacevole al tatto, pensate anche agli amici a quattro zampe e a chi si siede sul divano anche dopo una giornata intensa. Non serve sacrificare la qualit\u00e0 estetica: i rivestimenti tecnici di ultima generazione sono belli quanto quelli classici, ma reggono molto di pi\u00f9.<\/p>\n\n\n\n<p class=\"wp-block-paragraph\">In <strong>camera da letto<\/strong>, l&#8217;obiettivo \u00e8 il riposo. Superfici pi\u00f9 morbide, materiali naturali, tessuti che trasmettono leggerezza. Un copriletto in cotone lavorato, un parquet in legno caldo sotto i piedi al mattino, luci indirette che non aggrediscono: tutto contribuisce a creare un ambiente in cui il corpo capisce che \u00e8 il momento di staccare, aiutando nel benessere della persona.<\/p>\n\n\n\n<p class=\"wp-block-paragraph\">In <strong>cucina<\/strong>, entrano in gioco anche il tatto funzionale e la praticit\u00e0 sensoriale. I top cambiano texture: lisci, opachi, effetto pietra, effetto legno e ognuno d\u00e0 una sensazione diversa anche solo mentre si prepara da mangiare.<\/p>\n\n\n\n<h3 class=\"wp-block-heading\">Hai mai pensato alla maniglia ruvida?<\/h3>\n\n\n\n<p class=\"wp-block-paragraph\">\u00c8 un dettaglio piccolo, forse il pi\u00f9 sottovalutato di tutti. Eppure \u00e8 quello che tocchi ogni giorno, pi\u00f9 volte, senza pensarci.<\/p>\n\n\n\n<p class=\"wp-block-paragraph\">Prova a immaginare di aprire un pensile in cucina con le mani sporche di farina: una maniglia liscia scivola, una con superficie ruvida offre presa, sicurezza, controllo. Siamo abituati a pensare alla maniglia come elemento estetico, classica, invisibile, a pomello, ma la sua texture \u00e8 a tutti gli effetti un&#8217;esperienza sensoriale che influenza come ti senti mentre usi la tua casa.<\/p>\n\n\n\n<p class=\"wp-block-paragraph\">Nello showroom di Amas a Bucine abbiamo alcuni modelli da toccare con mano. Perch\u00e9 certe cose si capiscono solo cos\u00ec.<\/p>\n\n\n\n<h3 class=\"wp-block-heading\">La scelta giusta parte dal tatto<\/h3>\n\n\n\n<p class=\"wp-block-paragraph\">Le foto rendono i colori, restituiscono le proporzioni, aiutano a immaginare. Ma non trasmettono la temperatura di un piano in marmo, la morbidezza di un tessuto, il peso di un cassetto che si chiude bene.<\/p>\n\n\n\n<p class=\"wp-block-paragraph\">Ecco perch\u00e9 il nostro invito \u00e8 sempre lo stesso: vieni a toccare con mano i mobili. Porta le misure del tuo spazio, una foto dell&#8217;ambiente, un&#8217;idea anche vaga di quello che cerchi. Il resto lo costruiamo insieme.<\/p>\n\n\n\n<p class=\"wp-block-paragraph\"><strong><a href=\"https:\/\/www.amasarredamenti.it\/en\/contattaci\/\">Contact us<\/a> o passa direttamente in showroom a Bucine.<\/strong><\/p>\n\n\n\n<p class=\"wp-block-paragraph\"><em>Amas Arredamenti \u2014 Strada Provinciale Via Val d&#8217;Ambra, 52021 Bucine (AR) \u2014 Tel. 055 992297<\/em><\/p>","protected":false},"excerpt":{"rendered":"<p>C&#8217;\u00e8 un cambiamento in corso nell&#8217;interior design, e non riguarda solo i colori di tendenza o i nuovi modelli di cucina. Riguarda qualcosa di pi\u00f9 profondo: il modo in cui viviamo gli spazi, il modo in cui li sentiamo. L&#8217;arredamento ha smesso di essere solo estetica o funzionalit\u00e0. Oggi chi progetta una casa, o la [&hellip;]<\/p>\n","protected":false},"author":2,"featured_media":2604,"comment_status":"open","ping_status":"open","sticky":false,"template":"","format":"standard","meta":{"_monsterinsights_skip_tracking":false,"_monsterinsights_sitenote_active":false,"_monsterinsights_sitenote_note":"","_monsterinsights_sitenote_category":0,"footnotes":""},"categories":[1],"tags":[99],"class_list":["post-2603","post","type-post","status-publish","format-standard","has-post-thumbnail","hentry","category-blog","tag-design-sensoriale"],"aioseo_notices":[],"aioseo_head":"\n\t\t<!-- All in One SEO 4.9.10 - aioseo.com -->\n\t<meta name=\"description\" content=\"Legno, pietra, tessuti, metallo: ogni materiale comunica qualcosa. Scopri come sceglierli in base a come vuoi vivere la tua casa. Vieni a toccarli nel nostro showroom a Bucine.\" \/>\n\t<meta name=\"robots\" content=\"max-image-preview:large\" \/>\n\t<meta name=\"author\" content=\"Amas\"\/>\n\t<link rel=\"canonical\" href=\"https:\/\/www.amasarredamenti.it\/en\/2026\/08\/26\/quando-il-design-diventa-sensoriale-arredare-con-tutti-i-sensi\/\" \/>\n\t<meta name=\"generator\" content=\"All in One SEO (AIOSEO) 4.9.10\" \/>\n\t\t<meta property=\"og:locale\" content=\"en_GB\" \/>\n\t\t<meta property=\"og:site_name\" content=\"Amas arredamenti - Ai tuoi progetti ci pensiamo noi\" \/>\n\t\t<meta property=\"og:type\" content=\"article\" \/>\n\t\t<meta property=\"og:title\" content=\"Arredamento sensoriale: come i materiali trasformano la tua casa\" \/>\n\t\t<meta property=\"og:description\" content=\"Legno, pietra, tessuti, metallo: ogni materiale comunica qualcosa. Scopri come sceglierli in base a come vuoi vivere la tua casa. Vieni a toccarli nel nostro showroom a Bucine.\" \/>\n\t\t<meta property=\"og:url\" content=\"https:\/\/www.amasarredamenti.it\/en\/2026\/08\/26\/quando-il-design-diventa-sensoriale-arredare-con-tutti-i-sensi\/\" \/>\n\t\t<meta property=\"og:image\" content=\"https:\/\/www.amasarredamenti.it\/wp-content\/uploads\/2026\/08\/design-sensoriale.png\" \/>\n\t\t<meta property=\"og:image:secure_url\" content=\"https:\/\/www.amasarredamenti.it\/wp-content\/uploads\/2026\/08\/design-sensoriale.png\" \/>\n\t\t<meta property=\"og:image:width\" content=\"1024\" \/>\n\t\t<meta property=\"og:image:height\" content=\"606\" \/>\n\t\t<meta property=\"article:published_time\" content=\"2026-08-26T09:39:39+00:00\" \/>\n\t\t<meta property=\"article:modified_time\" content=\"2026-08-20T09:42:52+00:00\" \/>\n\t\t<meta name=\"twitter:card\" content=\"summary\" \/>\n\t\t<meta name=\"twitter:title\" content=\"Arredamento sensoriale: come i materiali trasformano la tua casa\" \/>\n\t\t<meta name=\"twitter:description\" content=\"Legno, pietra, tessuti, metallo: ogni materiale comunica qualcosa. Scopri come sceglierli in base a come vuoi vivere la tua casa. Vieni a toccarli nel nostro showroom a Bucine.\" \/>\n\t\t<meta name=\"twitter:image\" content=\"http:\/\/amasarredamenti.it\/wp-content\/uploads\/2021\/02\/Logo_Amas_Arredamenti_White.png\" \/>\n\t\t<script type=\"application\/ld+json\" class=\"aioseo-schema\">\n\t\t\t{\"@context\":\"https:\\\/\\\/schema.org\",\"@graph\":[{\"@type\":\"BlogPosting\",\"@id\":\"https:\\\/\\\/www.amasarredamenti.it\\\/en\\\/2026\\\/08\\\/26\\\/quando-il-design-diventa-sensoriale-arredare-con-tutti-i-sensi\\\/#blogposting\",\"name\":\"Arredamento sensoriale: come i materiali trasformano la tua casa\",\"headline\":\"Quando il design diventa sensoriale: arredare&#8230;con tutti i sensi\",\"author\":{\"@id\":\"https:\\\/\\\/www.amasarredamenti.it\\\/en\\\/author\\\/amas\\\/#author\"},\"publisher\":{\"@id\":\"https:\\\/\\\/www.amasarredamenti.it\\\/en\\\/#organization\"},\"image\":{\"@type\":\"ImageObject\",\"url\":\"https:\\\/\\\/www.amasarredamenti.it\\\/wp-content\\\/uploads\\\/2026\\\/08\\\/design-sensoriale.png\",\"width\":1024,\"height\":606,\"caption\":\"Design sensoriale\"},\"datePublished\":\"2026-08-26T11:39:39+02:00\",\"dateModified\":\"2026-08-20T11:42:52+02:00\",\"inLanguage\":\"en-GB\",\"mainEntityOfPage\":{\"@id\":\"https:\\\/\\\/www.amasarredamenti.it\\\/en\\\/2026\\\/08\\\/26\\\/quando-il-design-diventa-sensoriale-arredare-con-tutti-i-sensi\\\/#webpage\"},\"isPartOf\":{\"@id\":\"https:\\\/\\\/www.amasarredamenti.it\\\/en\\\/2026\\\/08\\\/26\\\/quando-il-design-diventa-sensoriale-arredare-con-tutti-i-sensi\\\/#webpage\"},\"articleSection\":\"Blog, design sensoriale\"},{\"@type\":\"BreadcrumbList\",\"@id\":\"https:\\\/\\\/www.amasarredamenti.it\\\/en\\\/2026\\\/08\\\/26\\\/quando-il-design-diventa-sensoriale-arredare-con-tutti-i-sensi\\\/#breadcrumblist\",\"itemListElement\":[{\"@type\":\"ListItem\",\"@id\":\"https:\\\/\\\/www.amasarredamenti.it\\\/en#listItem\",\"position\":1,\"name\":\"Home\",\"item\":\"https:\\\/\\\/www.amasarredamenti.it\\\/en\",\"nextItem\":{\"@type\":\"ListItem\",\"@id\":\"https:\\\/\\\/www.amasarredamenti.it\\\/en\\\/category\\\/blog\\\/#listItem\",\"name\":\"Blog\"}},{\"@type\":\"ListItem\",\"@id\":\"https:\\\/\\\/www.amasarredamenti.it\\\/en\\\/category\\\/blog\\\/#listItem\",\"position\":2,\"name\":\"Blog\",\"item\":\"https:\\\/\\\/www.amasarredamenti.it\\\/en\\\/category\\\/blog\\\/\",\"nextItem\":{\"@type\":\"ListItem\",\"@id\":\"https:\\\/\\\/www.amasarredamenti.it\\\/en\\\/2026\\\/08\\\/26\\\/quando-il-design-diventa-sensoriale-arredare-con-tutti-i-sensi\\\/#listItem\",\"name\":\"Quando il design diventa sensoriale: arredare&#8230;con tutti i sensi\"},\"previousItem\":{\"@type\":\"ListItem\",\"@id\":\"https:\\\/\\\/www.amasarredamenti.it\\\/en#listItem\",\"name\":\"Home\"}},{\"@type\":\"ListItem\",\"@id\":\"https:\\\/\\\/www.amasarredamenti.it\\\/en\\\/2026\\\/08\\\/26\\\/quando-il-design-diventa-sensoriale-arredare-con-tutti-i-sensi\\\/#listItem\",\"position\":3,\"name\":\"Quando il design diventa sensoriale: arredare&#8230;con tutti i sensi\",\"previousItem\":{\"@type\":\"ListItem\",\"@id\":\"https:\\\/\\\/www.amasarredamenti.it\\\/en\\\/category\\\/blog\\\/#listItem\",\"name\":\"Blog\"}}]},{\"@type\":\"Organization\",\"@id\":\"https:\\\/\\\/www.amasarredamenti.it\\\/en\\\/#organization\",\"name\":\"Amas arredamenti\",\"description\":\"Ai tuoi progetti ci pensiamo noi\",\"url\":\"https:\\\/\\\/www.amasarredamenti.it\\\/en\\\/\",\"telephone\":\"+39055992297\",\"logo\":{\"@type\":\"ImageObject\",\"url\":\"http:\\\/\\\/amasarredamenti.it\\\/wp-content\\\/uploads\\\/2021\\\/02\\\/Logo_Amas_Arredamenti_White.png\",\"@id\":\"https:\\\/\\\/www.amasarredamenti.it\\\/en\\\/2026\\\/08\\\/26\\\/quando-il-design-diventa-sensoriale-arredare-con-tutti-i-sensi\\\/#organizationLogo\"},\"image\":{\"@id\":\"https:\\\/\\\/www.amasarredamenti.it\\\/en\\\/2026\\\/08\\\/26\\\/quando-il-design-diventa-sensoriale-arredare-con-tutti-i-sensi\\\/#organizationLogo\"}},{\"@type\":\"Person\",\"@id\":\"https:\\\/\\\/www.amasarredamenti.it\\\/en\\\/author\\\/amas\\\/#author\",\"url\":\"https:\\\/\\\/www.amasarredamenti.it\\\/en\\\/author\\\/amas\\\/\",\"name\":\"Amas\",\"image\":{\"@type\":\"ImageObject\",\"@id\":\"https:\\\/\\\/www.amasarredamenti.it\\\/en\\\/2026\\\/08\\\/26\\\/quando-il-design-diventa-sensoriale-arredare-con-tutti-i-sensi\\\/#authorImage\",\"url\":\"https:\\\/\\\/secure.gravatar.com\\\/avatar\\\/11eae30fcace7abff39f9356b5ae3f1d8341bb9bb79229582749442739511fbd?s=96&d=mm&r=g\",\"width\":96,\"height\":96,\"caption\":\"Amas\"}},{\"@type\":\"WebPage\",\"@id\":\"https:\\\/\\\/www.amasarredamenti.it\\\/en\\\/2026\\\/08\\\/26\\\/quando-il-design-diventa-sensoriale-arredare-con-tutti-i-sensi\\\/#webpage\",\"url\":\"https:\\\/\\\/www.amasarredamenti.it\\\/en\\\/2026\\\/08\\\/26\\\/quando-il-design-diventa-sensoriale-arredare-con-tutti-i-sensi\\\/\",\"name\":\"Arredamento sensoriale: come i materiali trasformano la tua casa\",\"description\":\"Legno, pietra, tessuti, metallo: ogni materiale comunica qualcosa. Scopri come sceglierli in base a come vuoi vivere la tua casa. Vieni a toccarli nel nostro showroom a Bucine.\",\"inLanguage\":\"en-GB\",\"isPartOf\":{\"@id\":\"https:\\\/\\\/www.amasarredamenti.it\\\/en\\\/#website\"},\"breadcrumb\":{\"@id\":\"https:\\\/\\\/www.amasarredamenti.it\\\/en\\\/2026\\\/08\\\/26\\\/quando-il-design-diventa-sensoriale-arredare-con-tutti-i-sensi\\\/#breadcrumblist\"},\"author\":{\"@id\":\"https:\\\/\\\/www.amasarredamenti.it\\\/en\\\/author\\\/amas\\\/#author\"},\"creator\":{\"@id\":\"https:\\\/\\\/www.amasarredamenti.it\\\/en\\\/author\\\/amas\\\/#author\"},\"image\":{\"@type\":\"ImageObject\",\"url\":\"https:\\\/\\\/www.amasarredamenti.it\\\/wp-content\\\/uploads\\\/2026\\\/08\\\/design-sensoriale.png\",\"@id\":\"https:\\\/\\\/www.amasarredamenti.it\\\/en\\\/2026\\\/08\\\/26\\\/quando-il-design-diventa-sensoriale-arredare-con-tutti-i-sensi\\\/#mainImage\",\"width\":1024,\"height\":606,\"caption\":\"Design sensoriale\"},\"primaryImageOfPage\":{\"@id\":\"https:\\\/\\\/www.amasarredamenti.it\\\/en\\\/2026\\\/08\\\/26\\\/quando-il-design-diventa-sensoriale-arredare-con-tutti-i-sensi\\\/#mainImage\"},\"datePublished\":\"2026-08-26T11:39:39+02:00\",\"dateModified\":\"2026-08-20T11:42:52+02:00\"},{\"@type\":\"WebSite\",\"@id\":\"https:\\\/\\\/www.amasarredamenti.it\\\/en\\\/#website\",\"url\":\"https:\\\/\\\/www.amasarredamenti.it\\\/en\\\/\",\"name\":\"Amas arredamenti\",\"description\":\"Ai tuoi progetti ci pensiamo noi\",\"inLanguage\":\"en-GB\",\"publisher\":{\"@id\":\"https:\\\/\\\/www.amasarredamenti.it\\\/en\\\/#organization\"}}]}\n\t\t<\/script>\n\t\t<!-- All in One SEO -->\n\n","aioseo_head_json":{"title":"Arredamento sensoriale: come i materiali trasformano la tua casa","description":"Legno, pietra, tessuti, metallo: ogni materiale comunica qualcosa. Scopri come sceglierli in base a come vuoi vivere la tua casa. Vieni a toccarli nel nostro showroom a Bucine.","canonical_url":"https:\/\/www.amasarredamenti.it\/en\/2026\/08\/26\/quando-il-design-diventa-sensoriale-arredare-con-tutti-i-sensi\/","robots":"max-image-preview:large","keywords":"","webmasterTools":{"miscellaneous":""},"schema":{"@context":"https:\/\/schema.org","@graph":[{"@type":"BlogPosting","@id":"https:\/\/www.amasarredamenti.it\/en\/2026\/08\/26\/quando-il-design-diventa-sensoriale-arredare-con-tutti-i-sensi\/#blogposting","name":"Arredamento sensoriale: come i materiali trasformano la tua casa","headline":"Quando il design diventa sensoriale: arredare&#8230;con tutti i sensi","author":{"@id":"https:\/\/www.amasarredamenti.it\/en\/author\/amas\/#author"},"publisher":{"@id":"https:\/\/www.amasarredamenti.it\/en\/#organization"},"image":{"@type":"ImageObject","url":"https:\/\/www.amasarredamenti.it\/wp-content\/uploads\/2026\/08\/design-sensoriale.png","width":1024,"height":606,"caption":"Design sensoriale"},"datePublished":"2026-08-26T11:39:39+02:00","dateModified":"2026-08-20T11:42:52+02:00","inLanguage":"en-GB","mainEntityOfPage":{"@id":"https:\/\/www.amasarredamenti.it\/en\/2026\/08\/26\/quando-il-design-diventa-sensoriale-arredare-con-tutti-i-sensi\/#webpage"},"isPartOf":{"@id":"https:\/\/www.amasarredamenti.it\/en\/2026\/08\/26\/quando-il-design-diventa-sensoriale-arredare-con-tutti-i-sensi\/#webpage"},"articleSection":"Blog, design sensoriale"},{"@type":"BreadcrumbList","@id":"https:\/\/www.amasarredamenti.it\/en\/2026\/08\/26\/quando-il-design-diventa-sensoriale-arredare-con-tutti-i-sensi\/#breadcrumblist","itemListElement":[{"@type":"ListItem","@id":"https:\/\/www.amasarredamenti.it\/en#listItem","position":1,"name":"Home","item":"https:\/\/www.amasarredamenti.it\/en","nextItem":{"@type":"ListItem","@id":"https:\/\/www.amasarredamenti.it\/en\/category\/blog\/#listItem","name":"Blog"}},{"@type":"ListItem","@id":"https:\/\/www.amasarredamenti.it\/en\/category\/blog\/#listItem","position":2,"name":"Blog","item":"https:\/\/www.amasarredamenti.it\/en\/category\/blog\/","nextItem":{"@type":"ListItem","@id":"https:\/\/www.amasarredamenti.it\/en\/2026\/08\/26\/quando-il-design-diventa-sensoriale-arredare-con-tutti-i-sensi\/#listItem","name":"Quando il design diventa sensoriale: arredare&#8230;con tutti i sensi"},"previousItem":{"@type":"ListItem","@id":"https:\/\/www.amasarredamenti.it\/en#listItem","name":"Home"}},{"@type":"ListItem","@id":"https:\/\/www.amasarredamenti.it\/en\/2026\/08\/26\/quando-il-design-diventa-sensoriale-arredare-con-tutti-i-sensi\/#listItem","position":3,"name":"Quando il design diventa sensoriale: arredare&#8230;con tutti i sensi","previousItem":{"@type":"ListItem","@id":"https:\/\/www.amasarredamenti.it\/en\/category\/blog\/#listItem","name":"Blog"}}]},{"@type":"Organization","@id":"https:\/\/www.amasarredamenti.it\/en\/#organization","name":"Amas arredamenti","description":"Ai tuoi progetti ci pensiamo noi","url":"https:\/\/www.amasarredamenti.it\/en\/","telephone":"+39055992297","logo":{"@type":"ImageObject","url":"http:\/\/amasarredamenti.it\/wp-content\/uploads\/2021\/02\/Logo_Amas_Arredamenti_White.png","@id":"https:\/\/www.amasarredamenti.it\/en\/2026\/08\/26\/quando-il-design-diventa-sensoriale-arredare-con-tutti-i-sensi\/#organizationLogo"},"image":{"@id":"https:\/\/www.amasarredamenti.it\/en\/2026\/08\/26\/quando-il-design-diventa-sensoriale-arredare-con-tutti-i-sensi\/#organizationLogo"}},{"@type":"Person","@id":"https:\/\/www.amasarredamenti.it\/en\/author\/amas\/#author","url":"https:\/\/www.amasarredamenti.it\/en\/author\/amas\/","name":"Amas","image":{"@type":"ImageObject","@id":"https:\/\/www.amasarredamenti.it\/en\/2026\/08\/26\/quando-il-design-diventa-sensoriale-arredare-con-tutti-i-sensi\/#authorImage","url":"https:\/\/secure.gravatar.com\/avatar\/11eae30fcace7abff39f9356b5ae3f1d8341bb9bb79229582749442739511fbd?s=96&d=mm&r=g","width":96,"height":96,"caption":"Amas"}},{"@type":"WebPage","@id":"https:\/\/www.amasarredamenti.it\/en\/2026\/08\/26\/quando-il-design-diventa-sensoriale-arredare-con-tutti-i-sensi\/#webpage","url":"https:\/\/www.amasarredamenti.it\/en\/2026\/08\/26\/quando-il-design-diventa-sensoriale-arredare-con-tutti-i-sensi\/","name":"Arredamento sensoriale: come i materiali trasformano la tua casa","description":"Legno, pietra, tessuti, metallo: ogni materiale comunica qualcosa. Scopri come sceglierli in base a come vuoi vivere la tua casa. Vieni a toccarli nel nostro showroom a Bucine.","inLanguage":"en-GB","isPartOf":{"@id":"https:\/\/www.amasarredamenti.it\/en\/#website"},"breadcrumb":{"@id":"https:\/\/www.amasarredamenti.it\/en\/2026\/08\/26\/quando-il-design-diventa-sensoriale-arredare-con-tutti-i-sensi\/#breadcrumblist"},"author":{"@id":"https:\/\/www.amasarredamenti.it\/en\/author\/amas\/#author"},"creator":{"@id":"https:\/\/www.amasarredamenti.it\/en\/author\/amas\/#author"},"image":{"@type":"ImageObject","url":"https:\/\/www.amasarredamenti.it\/wp-content\/uploads\/2026\/08\/design-sensoriale.png","@id":"https:\/\/www.amasarredamenti.it\/en\/2026\/08\/26\/quando-il-design-diventa-sensoriale-arredare-con-tutti-i-sensi\/#mainImage","width":1024,"height":606,"caption":"Design sensoriale"},"primaryImageOfPage":{"@id":"https:\/\/www.amasarredamenti.it\/en\/2026\/08\/26\/quando-il-design-diventa-sensoriale-arredare-con-tutti-i-sensi\/#mainImage"},"datePublished":"2026-08-26T11:39:39+02:00","dateModified":"2026-08-20T11:42:52+02:00"},{"@type":"WebSite","@id":"https:\/\/www.amasarredamenti.it\/en\/#website","url":"https:\/\/www.amasarredamenti.it\/en\/","name":"Amas arredamenti","description":"Ai tuoi progetti ci pensiamo noi","inLanguage":"en-GB","publisher":{"@id":"https:\/\/www.amasarredamenti.it\/en\/#organization"}}]},"og:locale":"en_GB","og:site_name":"Amas arredamenti - Ai tuoi progetti ci pensiamo noi","og:type":"article","og:title":"Arredamento sensoriale: come i materiali trasformano la tua casa","og:description":"Legno, pietra, tessuti, metallo: ogni materiale comunica qualcosa. Scopri come sceglierli in base a come vuoi vivere la tua casa. Vieni a toccarli nel nostro showroom a Bucine.","og:url":"https:\/\/www.amasarredamenti.it\/en\/2026\/08\/26\/quando-il-design-diventa-sensoriale-arredare-con-tutti-i-sensi\/","og:image":"https:\/\/www.amasarredamenti.it\/wp-content\/uploads\/2026\/08\/design-sensoriale.png","og:image:secure_url":"https:\/\/www.amasarredamenti.it\/wp-content\/uploads\/2026\/08\/design-sensoriale.png","og:image:width":"1024","og:image:height":"606","article:published_time":"2026-08-26T09:39:39+00:00","article:modified_time":"2026-08-20T09:42:52+00:00","twitter:card":"summary","twitter:title":"Arredamento sensoriale: come i materiali trasformano la tua casa","twitter:description":"Legno, pietra, tessuti, metallo: ogni materiale comunica qualcosa. Scopri come sceglierli in base a come vuoi vivere la tua casa. Vieni a toccarli nel nostro showroom a Bucine.","twitter:image":"http:\/\/amasarredamenti.it\/wp-content\/uploads\/2021\/02\/Logo_Amas_Arredamenti_White.png"},"aioseo_meta_data":{"post_id":"2603","title":"Arredamento sensoriale: come i materiali trasformano la tua casa","description":"Legno, pietra, tessuti, metallo: ogni materiale comunica qualcosa. Scopri come sceglierli in base a come vuoi vivere la tua casa. Vieni a toccarli nel nostro showroom a Bucine.","keywords":null,"keyphrases":{"focus":{"keyphrase":"","score":0,"analysis":{"keyphraseInTitle":{"score":0,"maxScore":9,"error":1}}},"additional":[]},"primary_term":null,"canonical_url":null,"og_title":"Arredamento sensoriale: come i materiali trasformano la tua casa","og_description":"Legno, pietra, tessuti, metallo: ogni materiale comunica qualcosa. Scopri come sceglierli in base a come vuoi vivere la tua casa. Vieni a toccarli nel nostro showroom a Bucine.","og_object_type":"default","og_image_type":"featured","og_image_url":"https:\/\/www.amasarredamenti.it\/wp-content\/uploads\/2026\/08\/design-sensoriale.png","og_image_width":"1024","og_image_height":"606","og_image_custom_url":null,"og_image_custom_fields":null,"og_video":"","og_custom_url":null,"og_article_section":null,"og_article_tags":null,"twitter_use_og":false,"twitter_card":"default","twitter_image_type":"default","twitter_image_url":null,"twitter_image_custom_url":null,"twitter_image_custom_fields":null,"twitter_title":null,"twitter_description":null,"schema":{"blockGraphs":[],"customGraphs":[],"default":{"data":{"Article":[],"Course":[],"Dataset":[],"FAQPage":[],"Movie":[],"Person":[],"Product":[],"ProductReview":[],"Car":[],"Recipe":[],"Service":[],"SoftwareApplication":[],"WebPage":[]},"graphName":"BlogPosting","isEnabled":true},"graphs":[]},"schema_type":"default","schema_type_options":null,"pillar_content":false,"robots_default":true,"robots_noindex":false,"robots_noarchive":false,"robots_nosnippet":false,"robots_nofollow":false,"robots_noimageindex":false,"robots_noodp":false,"robots_notranslate":false,"robots_max_snippet":"-1","robots_max_videopreview":"-1","robots_max_imagepreview":"large","priority":null,"frequency":"default","location":null,"local_seo":null,"breadcrumb_settings":null,"limit_modified_date":false,"ai":{"faqs":[],"keyPoints":[],"schemas":[],"titles":[],"descriptions":[],"socialPosts":{"email":{"subject":"","preview":"","content":""},"linkedin":[],"twitter":[],"facebook":[],"instagram":[]}},"created":"2026-08-20 09:42:52","updated":"2026-08-29 12:01:57","seo_analyzer_scan_date":null},"_links":{"self":[{"href":"https:\/\/www.amasarredamenti.it\/en\/wp-json\/wp\/v2\/posts\/2603","targetHints":{"allow":["GET"]}}],"collection":[{"href":"https:\/\/www.amasarredamenti.it\/en\/wp-json\/wp\/v2\/posts"}],"about":[{"href":"https:\/\/www.amasarredamenti.it\/en\/wp-json\/wp\/v2\/types\/post"}],"author":[{"embeddable":true,"href":"https:\/\/www.amasarredamenti.it\/en\/wp-json\/wp\/v2\/users\/2"}],"replies":[{"embeddable":true,"href":"https:\/\/www.amasarredamenti.it\/en\/wp-json\/wp\/v2\/comments?post=2603"}],"version-history":[{"count":1,"href":"https:\/\/www.amasarredamenti.it\/en\/wp-json\/wp\/v2\/posts\/2603\/revisions"}],"predecessor-version":[{"id":2605,"href":"https:\/\/www.amasarredamenti.it\/en\/wp-json\/wp\/v2\/posts\/2603\/revisions\/2605"}],"wp:featuredmedia":[{"embeddable":true,"href":"https:\/\/www.amasarredamenti.it\/en\/wp-json\/wp\/v2\/media\/2604"}],"wp:attachment":[{"href":"https:\/\/www.amasarredamenti.it\/en\/wp-json\/wp\/v2\/media?parent=2603"}],"wp:term":[{"taxonomy":"category","embeddable":true,"href":"https:\/\/www.amasarredamenti.it\/en\/wp-json\/wp\/v2\/categories?post=2603"},{"taxonomy":"post_tag","embeddable":true,"href":"https:\/\/www.amasarredamenti.it\/en\/wp-json\/wp\/v2\/tags?post=2603"}],"curies":[{"name":"wp","href":"https:\/\/api.w.org\/{rel}","templated":true}]}}